{"id":1236,"date":"2013-03-03T18:03:10","date_gmt":"2013-03-03T17:03:10","guid":{"rendered":"http:\/\/www.cavalaire-environnement.com\/article\/?p=1236"},"modified":"2013-03-13T22:15:20","modified_gmt":"2013-03-13T21:15:20","slug":"budget-communautaire-en-preparation","status":"publish","type":"post","link":"https:\/\/www.cavalaire-environnement.com\/article\/2013\/03\/03\/budget-communautaire-en-preparation\/","title":{"rendered":"Budget communautaire en pr\u00e9paration"},"content":{"rendered":"<p>Var matin du 27 f\u00e9vrier 2013 nous d\u00e9crit les premiers travaux de l&rsquo;Intercommunalit\u00e9 qui prend son envol.<\/p>\n<p><em>Rappel pour agrandir une image, un texte, une page web,\u00a0 faire: <strong>Ctrl et +<\/strong><\/em><\/p>\n<p><a href=\"http:\/\/www.cavalaire-environnement.com\/article\/wp-content\/uploads\/2013\/03\/VM-27-02-2013.png\"><img loading=\"lazy\" decoding=\"async\" class=\"alignnone size-full wp-image-1237\" title=\"VM 27-02-2013\" src=\"http:\/\/www.cavalaire-environnement.com\/article\/wp-content\/uploads\/2013\/03\/VM-27-02-2013.png\" alt=\"\" width=\"604\" height=\"807\" srcset=\"https:\/\/www.cavalaire-environnement.com\/article\/wp-content\/uploads\/2013\/03\/VM-27-02-2013.png 604w, https:\/\/www.cavalaire-environnement.com\/article\/wp-content\/uploads\/2013\/03\/VM-27-02-2013-224x300.png 224w\" sizes=\"auto, (max-width: 604px) 100vw, 604px\" \/><\/a><\/p>\n","protected":false},"excerpt":{"rendered":"<p>Var matin du 27 f\u00e9vrier 2013 nous d\u00e9crit les premiers travaux de l&rsquo;Intercommunalit\u00e9 qui prend son envol. Rappel pour agrandir une image, un texte, une page web,\u00a0 faire: Ctrl et +<\/p>\n","protected":false},"author":1,"featured_media":0,"comment_status":"open","ping_status":"closed","sticky":false,"template":"","format":"standard","meta":{"footnotes":""},"categories":[17],"tags":[],"class_list":["post-1236","post","type-post","status-publish","format-standard","hentry","category-lintercommunalite-du-golfe"],"_links":{"self":[{"href":"https:\/\/www.cavalaire-environnement.com\/article\/wp-json\/wp\/v2\/posts\/1236","targetHints":{"allow":["GET"]}}],"collection":[{"href":"https:\/\/www.cavalaire-environnement.com\/article\/wp-json\/wp\/v2\/posts"}],"about":[{"href":"https:\/\/www.cavalaire-environnement.com\/article\/wp-json\/wp\/v2\/types\/post"}],"author":[{"embeddable":true,"href":"https:\/\/www.cavalaire-environnement.com\/article\/wp-json\/wp\/v2\/users\/1"}],"replies":[{"embeddable":true,"href":"https:\/\/www.cavalaire-environnement.com\/article\/wp-json\/wp\/v2\/comments?post=1236"}],"version-history":[{"count":4,"href":"https:\/\/www.cavalaire-environnement.com\/article\/wp-json\/wp\/v2\/posts\/1236\/revisions"}],"predecessor-version":[{"id":1239,"href":"https:\/\/www.cavalaire-environnement.com\/article\/wp-json\/wp\/v2\/posts\/1236\/revisions\/1239"}],"wp:attachment":[{"href":"https:\/\/www.cavalaire-environnement.com\/article\/wp-json\/wp\/v2\/media?parent=1236"}],"wp:term":[{"taxonomy":"category","embeddable":true,"href":"https:\/\/www.cavalaire-environnement.com\/article\/wp-json\/wp\/v2\/categories?post=1236"},{"taxonomy":"post_tag","embeddable":true,"href":"https:\/\/www.cavalaire-environnement.com\/article\/wp-json\/wp\/v2\/tags?post=1236"}],"curies":[{"name":"wp","href":"https:\/\/api.w.org\/{rel}","templated":true}]}}