{"id":2058,"date":"2016-08-20T15:50:33","date_gmt":"2016-08-20T14:50:33","guid":{"rendered":"http:\/\/www.cavalaire-environnement.com\/article\/?p=2058"},"modified":"2017-01-22T14:36:10","modified_gmt":"2017-01-22T13:36:10","slug":"gaz-de-schiste-situation-a-lete-2016","status":"publish","type":"post","link":"https:\/\/www.cavalaire-environnement.com\/article\/2016\/08\/20\/gaz-de-schiste-situation-a-lete-2016\/","title":{"rendered":"Situation \u00e0 l\u2019\u00e9t\u00e9 2016"},"content":{"rendered":"<p>Nous ne reviendrons pas sur les inconv\u00e9nients de l\u2019extraction du gaz de schiste par fracturation hydraulique. C\u2019est un th\u00e8me que nous avions d\u00e9velopp\u00e9 en 2015, voir\u00a0: <a href=\"http:\/\/www.cavalaire-environnement.com\/article\/2015\/08\/04\/situation-a-lete-2015\/\">http:\/\/www.cavalaire-environnement.com\/article\/2015\/08\/04\/situation-a-lete-2015\/<\/a>.<\/p>\n<p>Nous ne relevons pas d\u2019\u00e9volution sur une quelconque volont\u00e9 de la part du gouvernement en place en 2016, de revenir sur l\u2019interdiction pos\u00e9e par la loi\u00a0n\u00b0\u00a02011-835 du\u00a013\u00a0juillet 2011 qui interdit <strong>l\u2019exploration et l\u2019exploitation<\/strong> des mines d\u2019hydrocarbures liquides ou gazeux par des forages suivis de fracturation hydraulique de la roche sur le territoire national. Arnaud Montebourg ayant quitt\u00e9 le gouvernement, ce sujet est pass\u00e9 sous silence.<\/p>\n<p><strong>Encore mieux que cela, S\u00e9gol\u00e8ne Royal<\/strong>, a annonc\u00e9 le 10\u00a0mai 2016, qu\u2019elle voulait interdire l\u2019importation en France du gaz de schiste en provenance des \u00c9tats Unis. Il s\u2019agit de contrats pass\u00e9s par ENGIE (ex-GDF-Suez) et EDF avec l\u2019am\u00e9ricain CHENIERE ENERGIE, concernant la livraison de gaz naturel liqu\u00e9fi\u00e9 issu du gaz de schiste.<\/p>\n<p>A-t-elle les moyens de s\u2019opposer \u00e0 ces \u00e9changes commerciaux qui rel\u00e8vent du droit priv\u00e9 sans passer par un amendement l\u00e9gislatif\u00a0?<\/p>\n<p>Pas \u00e9vident\u00a0! \u00c0 une question de C\u00e9cile Duflot, elle s\u2019est content\u00e9e de d\u00e9clarer\u00a0: <em>\u00ab\u00a0Je vais examiner juridiquement la fa\u00e7on dont nous pouvons interdire l\u2019importation de gaz de schiste. <\/em><em>On ne peut pas interdire le gaz de schiste sur le territoire fran\u00e7ais pour des raisons environnementales graves et en m\u00eame temps accepter l\u2019importation\u00a0\u00bb.<\/em><\/p>\n<p><strong>Que nous r\u00e9serve 2017\u00a0?<\/strong><\/p>\n<p><strong>Chez les R\u00e9publicains<\/strong> les avis sont partag\u00e9s, on avance dans le brouillard, on ne voudrait pas f\u00e2cher une partie de l\u2019\u00e9lectorat, la meilleure m\u00e9thode est d\u2019\u00e9luder le sujet.<\/p>\n<p>Le jeudi 24\u00a0novembre 2016, lors d\u2019un d\u00e9bat t\u00e9l\u00e9vis\u00e9 de la primaire des R\u00e9publicains, on a eu des difficult\u00e9s \u00e0 bien comprendre les intentions des uns et des autres.<\/p>\n<p>En 2012, quelques mois apr\u00e8s son d\u00e9part de Matignon, Fran\u00e7ois Fillon avait jug\u00e9 <em>\u00ab\u00a0criminel\u00a0\u00bb<\/em> de s\u2019interdire les recherches sur le gaz de schiste en\u00a0France. <em>\u00ab\u00a0Oui. La France ne peut pas continuer \u00e0 avoir peur de tout. On est dans un pays o\u00f9 on a peur de l\u2019\u00e9tranger, du nucl\u00e9aire, des OGM, du gaz de schiste\u2026\u00a0\u00bb<\/em>.<\/p>\n<p>En 2015, Alain Jupp\u00e9 est moins brutal sur la forme mais son point de vue est identique. <em>\u00ab\u00a0En ce qui concerne l\u2019exploitation des gaz de schiste, je pense que la France devrait accepter un p\u00f4le d\u2019exp\u00e9rimentation pour voir exactement quels sont les enjeux\u00a0\u00bb [\u2026] \u00ab\u00a0Plut\u00f4t que de dire niet \u00e0 tout, je pense que sous un contr\u00f4le effectif et avec des pr\u00e9cautions requises, un p\u00f4le exp\u00e9rimental pourrait \u00eatre utile\u00a0\u00bb.<\/em><\/p>\n<p><strong>Au Front National<\/strong> les id\u00e9es ont le m\u00e9rite d\u2019\u00eatre sans ambigu\u00eft\u00e9\u00a0: Extrait d\u2019un <strong>Communiqu\u00e9 de presse de Philippe Murer et \u00c9ric Richermoz (cadres du FN).<\/strong><\/p>\n<p><em>\u00ab\u00a0\u2026\u2026..Des rejets massifs de substances mortelles comme le plomb, l\u2019arsenic ou le benz\u00e8ne dans le sol expose les habitants \u00e0 des risques majeurs de sant\u00e9 publique\u00a0: une fois dans le sol, ces poisons peuvent migrer dans les nappes phr\u00e9atiques.<\/em><\/p>\n<p><em>Dans l\u2019\u00e9tat actuel des technologies, le Front national s\u2019oppose fermement \u00e0 toute exploitation du gaz de schiste sur le territoire national. En plus de d\u00e9figurer nos paysages, cette technique s\u2019accompagnerait de la pollution irr\u00e9versible du sol fran\u00e7ais.\u00a0\u00bb<\/em><\/p>\n<p><strong>Conclusion\u00a0<\/strong>: esp\u00e9rons que le prochain gouvernement issu des urnes, se posera les bonnes questions, afin d\u2019obtenir les bonnes r\u00e9ponses sur l\u2019exploitation de notre sous-sol, qui pourrait d\u00e9boucher sur un vrai d\u00e9sastre \u00e9cologique.<\/p>\n","protected":false},"excerpt":{"rendered":"<p>Nous ne reviendrons pas sur les inconv\u00e9nients de l\u2019extraction du gaz de schiste par fracturation hydraulique. C\u2019est un th\u00e8me que nous avions d\u00e9velopp\u00e9 en 2015, voir\u00a0: http:\/\/www.cavalaire-environnement.com\/article\/2015\/08\/04\/situation-a-lete-2015\/. Nous ne relevons pas d\u2019\u00e9volution sur une quelconque volont\u00e9 de la part du gouvernement en place en 2016, de revenir sur l\u2019interdiction pos\u00e9e par la loi\u00a0n\u00b0\u00a02011-835 du\u00a013\u00a0juillet 2011 [&hellip;]<\/p>\n","protected":false},"author":1,"featured_media":0,"comment_status":"open","ping_status":"closed","sticky":false,"template":"","format":"standard","meta":{"footnotes":""},"categories":[27],"tags":[],"class_list":["post-2058","post","type-post","status-publish","format-standard","hentry","category-gaz-de-schiste"],"_links":{"self":[{"href":"https:\/\/www.cavalaire-environnement.com\/article\/wp-json\/wp\/v2\/posts\/2058","targetHints":{"allow":["GET"]}}],"collection":[{"href":"https:\/\/www.cavalaire-environnement.com\/article\/wp-json\/wp\/v2\/posts"}],"about":[{"href":"https:\/\/www.cavalaire-environnement.com\/article\/wp-json\/wp\/v2\/types\/post"}],"author":[{"embeddable":true,"href":"https:\/\/www.cavalaire-environnement.com\/article\/wp-json\/wp\/v2\/users\/1"}],"replies":[{"embeddable":true,"href":"https:\/\/www.cavalaire-environnement.com\/article\/wp-json\/wp\/v2\/comments?post=2058"}],"version-history":[{"count":3,"href":"https:\/\/www.cavalaire-environnement.com\/article\/wp-json\/wp\/v2\/posts\/2058\/revisions"}],"predecessor-version":[{"id":2110,"href":"https:\/\/www.cavalaire-environnement.com\/article\/wp-json\/wp\/v2\/posts\/2058\/revisions\/2110"}],"wp:attachment":[{"href":"https:\/\/www.cavalaire-environnement.com\/article\/wp-json\/wp\/v2\/media?parent=2058"}],"wp:term":[{"taxonomy":"category","embeddable":true,"href":"https:\/\/www.cavalaire-environnement.com\/article\/wp-json\/wp\/v2\/categories?post=2058"},{"taxonomy":"post_tag","embeddable":true,"href":"https:\/\/www.cavalaire-environnement.com\/article\/wp-json\/wp\/v2\/tags?post=2058"}],"curies":[{"name":"wp","href":"https:\/\/api.w.org\/{rel}","templated":true}]}}