{"id":2173,"date":"2017-08-19T15:32:53","date_gmt":"2017-08-19T14:32:53","guid":{"rendered":"http:\/\/www.cavalaire-environnement.com\/article\/?p=2173"},"modified":"2017-08-28T13:09:07","modified_gmt":"2017-08-28T12:09:07","slug":"compte-rendu-de-la-g-du-1er-aout-2017","status":"publish","type":"post","link":"https:\/\/www.cavalaire-environnement.com\/article\/2017\/08\/19\/compte-rendu-de-la-g-du-1er-aout-2017\/","title":{"rendered":"Compte-rendu de l\u2019A.G. du 1er ao\u00fbt 2017"},"content":{"rendered":"<p>Environ 270 personnes, adh\u00e9rentes ou sympathisantes, nous ont rejoints pour s\u2019informer, \u00e9changer sur les principaux th\u00e8mes d\u2019actualit\u00e9s de la vie \u00e0 Cavalaire, dans le Golfe de Saint-Tropez et dans le Var.<\/p>\n<p>Nous remercions Monsieur le Maire, son Directeur g\u00e9n\u00e9ral des services, quelques \u00e9lus et agents municipaux, qui nous ont honor\u00e9s de leur pr\u00e9sence.<\/p>\n<p>Pour acc\u00e9der au\u00a0 \u201cCompte-rendu\u201d cliquer sur le lien:\u00a0 \u00a0<a href=\"http:\/\/www.cavalaire-environnement.com\/article\/wp-content\/uploads\/2017\/08\/CR-AG-2017-CSBC1.pdf\"><img loading=\"lazy\" decoding=\"async\" class=\"alignnone size-full wp-image-1444\" src=\"http:\/\/www.cavalaire-environnement.com\/article\/wp-content\/uploads\/2013\/03\/Logo-PDF15.jpg\" alt=\"Logo PDF\" width=\"34\" height=\"34\" \/><\/a>\u00a0 <a href=\"http:\/\/www.cavalaire-environnement.com\/article\/wp-content\/uploads\/2017\/08\/CR-AG-2017-CSBC1.pdf\">CR AG 2017 CSBC<\/a><\/p>\n<p><em>Extrait de Var matin qui rapporte dans son \u00e9dition du 12-08-2017, la partie de cette r\u00e9union consacr\u00e9e aux Palmiers.<\/em><\/p>\n<p><a href=\"http:\/\/www.cavalaire-environnement.com\/article\/wp-content\/uploads\/2017\/08\/Var-matin-12-08-2017-Palmier-Lutte-contre-les-charan\u00e7ons.jpg\"><img loading=\"lazy\" decoding=\"async\" class=\"alignnone wp-image-2175\" src=\"http:\/\/www.cavalaire-environnement.com\/article\/wp-content\/uploads\/2017\/08\/Var-matin-12-08-2017-Palmier-Lutte-contre-les-charan\u00e7ons.jpg\" alt=\"Var matin 12-08-2017 Palmier-Lutte contre les charan\u00e7ons\" width=\"885\" height=\"902\" srcset=\"https:\/\/www.cavalaire-environnement.com\/article\/wp-content\/uploads\/2017\/08\/Var-matin-12-08-2017-Palmier-Lutte-contre-les-charan\u00e7ons.jpg 920w, https:\/\/www.cavalaire-environnement.com\/article\/wp-content\/uploads\/2017\/08\/Var-matin-12-08-2017-Palmier-Lutte-contre-les-charan\u00e7ons-294x300.jpg 294w\" sizes=\"auto, (max-width: 885px) 100vw, 885px\" \/><\/a><\/p>\n<p><em>La Gazette du Golfe dans son \u00e9dition du 15-08-2017 commente \u00e9galement notre r\u00e9union.<\/em><\/p>\n<p><a href=\"http:\/\/www.cavalaire-environnement.com\/article\/wp-content\/uploads\/2017\/08\/La-Gazette-15-08-2017.jpg\"><img loading=\"lazy\" decoding=\"async\" class=\"alignnone wp-image-2177\" src=\"http:\/\/www.cavalaire-environnement.com\/article\/wp-content\/uploads\/2017\/08\/La-Gazette-15-08-2017.jpg\" alt=\"La Gazette 15-08-2017\" width=\"885\" height=\"795\" srcset=\"https:\/\/www.cavalaire-environnement.com\/article\/wp-content\/uploads\/2017\/08\/La-Gazette-15-08-2017.jpg 870w, https:\/\/www.cavalaire-environnement.com\/article\/wp-content\/uploads\/2017\/08\/La-Gazette-15-08-2017-300x270.jpg 300w\" sizes=\"auto, (max-width: 885px) 100vw, 885px\" \/><\/a><\/p>\n","protected":false},"excerpt":{"rendered":"<p>Environ 270 personnes, adh\u00e9rentes ou sympathisantes, nous ont rejoints pour s\u2019informer, \u00e9changer sur les principaux th\u00e8mes d\u2019actualit\u00e9s de la vie \u00e0 Cavalaire, dans le Golfe de Saint-Tropez et dans le Var. Nous remercions Monsieur le Maire, son Directeur g\u00e9n\u00e9ral des services, quelques \u00e9lus et agents municipaux, qui nous ont honor\u00e9s de leur pr\u00e9sence. Pour acc\u00e9der [&hellip;]<\/p>\n","protected":false},"author":1,"featured_media":0,"comment_status":"open","ping_status":"closed","sticky":false,"template":"","format":"standard","meta":{"footnotes":""},"categories":[8],"tags":[],"class_list":["post-2173","post","type-post","status-publish","format-standard","hentry","category-rapports-et-cr-des-ag"],"_links":{"self":[{"href":"https:\/\/www.cavalaire-environnement.com\/article\/wp-json\/wp\/v2\/posts\/2173","targetHints":{"allow":["GET"]}}],"collection":[{"href":"https:\/\/www.cavalaire-environnement.com\/article\/wp-json\/wp\/v2\/posts"}],"about":[{"href":"https:\/\/www.cavalaire-environnement.com\/article\/wp-json\/wp\/v2\/types\/post"}],"author":[{"embeddable":true,"href":"https:\/\/www.cavalaire-environnement.com\/article\/wp-json\/wp\/v2\/users\/1"}],"replies":[{"embeddable":true,"href":"https:\/\/www.cavalaire-environnement.com\/article\/wp-json\/wp\/v2\/comments?post=2173"}],"version-history":[{"count":2,"href":"https:\/\/www.cavalaire-environnement.com\/article\/wp-json\/wp\/v2\/posts\/2173\/revisions"}],"predecessor-version":[{"id":2182,"href":"https:\/\/www.cavalaire-environnement.com\/article\/wp-json\/wp\/v2\/posts\/2173\/revisions\/2182"}],"wp:attachment":[{"href":"https:\/\/www.cavalaire-environnement.com\/article\/wp-json\/wp\/v2\/media?parent=2173"}],"wp:term":[{"taxonomy":"category","embeddable":true,"href":"https:\/\/www.cavalaire-environnement.com\/article\/wp-json\/wp\/v2\/categories?post=2173"},{"taxonomy":"post_tag","embeddable":true,"href":"https:\/\/www.cavalaire-environnement.com\/article\/wp-json\/wp\/v2\/tags?post=2173"}],"curies":[{"name":"wp","href":"https:\/\/api.w.org\/{rel}","templated":true}]}}