{"id":2211,"date":"2018-08-05T10:41:21","date_gmt":"2018-08-05T09:41:21","guid":{"rendered":"http:\/\/www.cavalaire-environnement.com\/article\/?p=2211"},"modified":"2018-09-30T15:31:31","modified_gmt":"2018-09-30T14:31:31","slug":"lassemblee-2018-du-csbc","status":"publish","type":"post","link":"https:\/\/www.cavalaire-environnement.com\/article\/2018\/08\/05\/lassemblee-2018-du-csbc\/","title":{"rendered":"Compte-rendu de l&rsquo;A.G. du 3 ao\u00fbt 2018"},"content":{"rendered":"<h4><\/h4>\n<p>En ce d\u00e9but du mois d\u2019ao\u00fbt 2018, vous \u00e9tiez encore une fois nombreux \u00e0 assister \u00e0 la pr\u00e9sentation annuelle des principaux th\u00e8mes d\u2019actualit\u00e9 de la vie de notre cit\u00e9, et des activit\u00e9s du <strong>Comit\u00e9 de Sauvegarde de la Baie de Cavalaire<\/strong>.<\/p>\n<p>Nous vous remercions de votre pr\u00e9sence, et de l\u2019int\u00e9r\u00eat que vous avez apport\u00e9 au d\u00e9bat qui a pu s\u2019instaurer avec Monsieur le Maire et les repr\u00e9sentants de la Mairie de Cavalaire.<\/p>\n<p>Nous remercions \u00e9galement les associations amies, du Golfe de Saint-Tropez qui sont venues nous soutenir.<\/p>\n<p>Nous remercions Monsieur le Maire et ses collaborateurs, d\u2019avoir r\u00e9pondu favorablement \u00e0 notre invitation.<\/p>\n<p>Pour acc\u00e9der au \u201cCompte-rendu\u201d cliquer sur le lien:\u00a0\u00a0<a href=\"http:\/\/www.cavalaire-environnement.com\/article\/wp-content\/uploads\/2018\/08\/CR-AG-2018-CSBC.pdf\"><img loading=\"lazy\" decoding=\"async\" class=\"alignnone size-full wp-image-1485\" src=\"http:\/\/www.cavalaire-environnement.com\/article\/wp-content\/uploads\/2013\/07\/Logo-PDF.jpg\" alt=\"\" width=\"34\" height=\"34\" \/><\/a>\u00a0\u00a0 <a href=\"http:\/\/www.cavalaire-environnement.com\/article\/wp-content\/uploads\/2018\/08\/CR-AG-2018-CSBC.pdf\">CR AG 2018 CSBC<\/a><\/p>\n<p><strong>SONDAGE DU CSBC SUR LA QUALIT\u00c9 DE VIE \u00c0 CAVALAIRE EN 2018<\/strong><\/p>\n<p>Nous avons propos\u00e9 \u00e0 nos adh\u00e9rents et aux Cavalairois qui s\u2019int\u00e9ressent \u00e0 nos actions, de r\u00e9pondre \u00e0 un sondage qui a pour th\u00e8me la qualit\u00e9 de vie \u00e0 Cavalaire. L\u2019objectif est de nous permettre de conna\u00eetre les pr\u00e9occupations et les attentes essentielles de la population en r\u00e9sidence principale ou secondaire, afin que nous puissions \u00e9tablir une orientation et une hi\u00e9rarchie dans nos activit\u00e9s.<\/p>\n<p>Pour acc\u00e9der au r\u00e9sultat du sondage cliquer sur le lien: \u00a0<a href=\"http:\/\/www.cavalaire-environnement.com\/article\/wp-content\/uploads\/2018\/08\/R\u00e9sultat-sondage-CSBC-ao\u00fbt-2018.pdf\"><img loading=\"lazy\" decoding=\"async\" class=\"alignnone size-full wp-image-1485\" src=\"http:\/\/www.cavalaire-environnement.com\/article\/wp-content\/uploads\/2013\/07\/Logo-PDF.jpg\" alt=\"\" width=\"34\" height=\"34\" \/><\/a>\u00a0 <a href=\"http:\/\/www.cavalaire-environnement.com\/article\/wp-content\/uploads\/2018\/08\/R\u00e9sultat-sondage-CSBC-ao\u00fbt-2018.pdf\">R\u00e9sultat sondage CSBC ao\u00fbt 2018<\/a><\/p>\n<p>Le <strong>Comit\u00e9 de Sauvegarde de la Baie de Cavalaire<\/strong> a mis en \u0153uvre une nouvelle p\u00e9tition, \u00e0 l\u2019occasion de cette assembl\u00e9e 2018, qui a \u00e9t\u00e9 sign\u00e9e par 90 personnes. Elle sera remise \u00e0 Monsieur le Maire, afin de le sensibiliser une fois de plus sur l\u2019importance de ces nuisances.<\/p>\n<p>Pour acc\u00e9der au contenu de cette p\u00e9tition qui est maintenant close, cliquer sur le lien : \u00a0<a href=\"http:\/\/www.cavalaire-environnement.com\/article\/wp-content\/uploads\/2018\/08\/P\u00e9tition-nuisances-\u00e0-Cavalaire.pdf\"><img loading=\"lazy\" decoding=\"async\" class=\"alignnone size-full wp-image-1319\" src=\"http:\/\/www.cavalaire-environnement.com\/article\/wp-content\/uploads\/2013\/03\/Logo-PDF13.jpg\" alt=\"\" width=\"34\" height=\"34\" \/><\/a>\u00a0 <a href=\"http:\/\/www.cavalaire-environnement.com\/article\/wp-content\/uploads\/2018\/08\/P\u00e9tition-nuisances-\u00e0-Cavalaire.pdf\">P\u00e9tition nuisances \u00e0 Cavalaire<\/a><\/p>\n<p>&nbsp;<\/p>\n<p><img loading=\"lazy\" decoding=\"async\" class=\"alignnone wp-image-2212\" src=\"http:\/\/www.cavalaire-environnement.com\/article\/wp-content\/uploads\/2018\/08\/VM-4-08-2018-AG-CSBC-1024x666.jpg\" alt=\"\" width=\"1302\" height=\"847\" srcset=\"https:\/\/www.cavalaire-environnement.com\/article\/wp-content\/uploads\/2018\/08\/VM-4-08-2018-AG-CSBC-1024x666.jpg 1024w, https:\/\/www.cavalaire-environnement.com\/article\/wp-content\/uploads\/2018\/08\/VM-4-08-2018-AG-CSBC-300x195.jpg 300w, https:\/\/www.cavalaire-environnement.com\/article\/wp-content\/uploads\/2018\/08\/VM-4-08-2018-AG-CSBC-768x500.jpg 768w, https:\/\/www.cavalaire-environnement.com\/article\/wp-content\/uploads\/2018\/08\/VM-4-08-2018-AG-CSBC.jpg 1532w\" sizes=\"auto, (max-width: 1302px) 100vw, 1302px\" \/><\/p>\n","protected":false},"excerpt":{"rendered":"<p>En ce d\u00e9but du mois d\u2019ao\u00fbt 2018, vous \u00e9tiez encore une fois nombreux \u00e0 assister \u00e0 la pr\u00e9sentation annuelle des principaux th\u00e8mes d\u2019actualit\u00e9 de la vie de notre cit\u00e9, et des activit\u00e9s du Comit\u00e9 de Sauvegarde de la Baie de Cavalaire. Nous vous remercions de votre pr\u00e9sence, et de l\u2019int\u00e9r\u00eat que vous avez apport\u00e9 au [&hellip;]<\/p>\n","protected":false},"author":1,"featured_media":0,"comment_status":"open","ping_status":"closed","sticky":false,"template":"","format":"standard","meta":{"footnotes":""},"categories":[8],"tags":[],"class_list":["post-2211","post","type-post","status-publish","format-standard","hentry","category-rapports-et-cr-des-ag"],"_links":{"self":[{"href":"https:\/\/www.cavalaire-environnement.com\/article\/wp-json\/wp\/v2\/posts\/2211","targetHints":{"allow":["GET"]}}],"collection":[{"href":"https:\/\/www.cavalaire-environnement.com\/article\/wp-json\/wp\/v2\/posts"}],"about":[{"href":"https:\/\/www.cavalaire-environnement.com\/article\/wp-json\/wp\/v2\/types\/post"}],"author":[{"embeddable":true,"href":"https:\/\/www.cavalaire-environnement.com\/article\/wp-json\/wp\/v2\/users\/1"}],"replies":[{"embeddable":true,"href":"https:\/\/www.cavalaire-environnement.com\/article\/wp-json\/wp\/v2\/comments?post=2211"}],"version-history":[{"count":4,"href":"https:\/\/www.cavalaire-environnement.com\/article\/wp-json\/wp\/v2\/posts\/2211\/revisions"}],"predecessor-version":[{"id":2220,"href":"https:\/\/www.cavalaire-environnement.com\/article\/wp-json\/wp\/v2\/posts\/2211\/revisions\/2220"}],"wp:attachment":[{"href":"https:\/\/www.cavalaire-environnement.com\/article\/wp-json\/wp\/v2\/media?parent=2211"}],"wp:term":[{"taxonomy":"category","embeddable":true,"href":"https:\/\/www.cavalaire-environnement.com\/article\/wp-json\/wp\/v2\/categories?post=2211"},{"taxonomy":"post_tag","embeddable":true,"href":"https:\/\/www.cavalaire-environnement.com\/article\/wp-json\/wp\/v2\/tags?post=2211"}],"curies":[{"name":"wp","href":"https:\/\/api.w.org\/{rel}","templated":true}]}}