{"id":2222,"date":"2019-01-15T16:28:48","date_gmt":"2019-01-15T15:28:48","guid":{"rendered":"http:\/\/www.cavalaire-environnement.com\/article\/?p=2222"},"modified":"2019-01-27T18:58:47","modified_gmt":"2019-01-27T17:58:47","slug":"bulletin-dinformation-janvier-2018-2","status":"publish","type":"post","link":"https:\/\/www.cavalaire-environnement.com\/article\/2019\/01\/15\/bulletin-dinformation-janvier-2018-2\/","title":{"rendered":"Bulletin d\u2019information janvier 2019"},"content":{"rendered":"<p>Madame, Monsieur, Chers amis,<\/p>\n<p>Le <strong>Comit\u00e9 de Sauvegarde de la Baie de Cavalaire<\/strong> vous pr\u00e9sente, ainsi qu\u2019\u00e0 vos proches, ses meilleurs v\u0153ux de sant\u00e9, bonheur et de r\u00e9ussite dans vos projets. Que l\u2019ann\u00e9e 2019 puisse combler vos souhaits.<\/p>\n<p>Cette ann\u00e9e devra \u00eatre marqu\u00e9e par une forte prise de conscience en faveur de la pr\u00e9servation de notre environnement.<\/p>\n<p>En quelques mots, nous pouvons \u00e9voquer la situation \u00e0 laquelle nous sommes confront\u00e9s. Elle nous oblige \u00e0 rappeler \u00e0 tous qu\u2019il est vital de r\u00e9agir et de porter un regard au-del\u00e0 de notre ch\u00e8re commune et de notre cher littoral Varois.<\/p>\n<p>Il est imp\u00e9ratif de s\u2019inqui\u00e9ter de la qualit\u00e9 de l\u2019air que l\u2019on respire, de l\u2019eau que l\u2019on boit, de la nourriture que l\u2019on mange, des mers qui nous entourent. La pollution que nous g\u00e9n\u00e9rons ne peut plus \u00eatre regard\u00e9e comme une fatalit\u00e9. L\u2019\u00e9volution climatique n\u2019est plus une chim\u00e8re, nous ne sommes plus au moment de pr\u00e9visions scientifiques. Nous sommes au pied du mur. L\u2019enjeu \u00e9cologique est plus important que tous les autres. Les questions de soci\u00e9t\u00e9, \u00e9conomiques, internationales, doivent toutes sans exception \u00eatre trait\u00e9es en consid\u00e9rant la priorit\u00e9 environnementale.<\/p>\n<p>Nous le disons \u00e0 nos \u00e9lus mais aussi \u00e0 vous tous.<\/p>\n<p>Ensemble nous devrons contribuer \u00e0 renverser une tendance f\u00e2cheuse, si nous voulons laisser \u00e0 nos enfants, petits-enfants, une plan\u00e8te o\u00f9 l\u2019on peut y vivre. La t\u00e2che est immense mais ne nous effraie pas. Nous comptons sur vous.<\/p>\n<p>Veuillez trouver en pi\u00e8ce jointe notre bulletin d\u2019information de janvier\u00a02019. <a href=\"http:\/\/www.cavalaire-environnement.com\/article\/wp-content\/uploads\/2019\/01\/Bulletin-dinformation-de-janvier-2019.pdf\"><img loading=\"lazy\" decoding=\"async\" class=\"alignnone size-full wp-image-1421\" src=\"http:\/\/www.cavalaire-environnement.com\/article\/wp-content\/uploads\/2013\/03\/Logo-PDF14.jpg\" alt=\"\" width=\"34\" height=\"34\" \/><\/a>\u00a0 <a href=\"http:\/\/www.cavalaire-environnement.com\/article\/wp-content\/uploads\/2019\/01\/Bulletin-dinformation-de-janvier-2019.pdf\">Bulletin d&rsquo;information de janvier 2019<\/a><\/p>\n<p>Bien cordialement.<\/p>\n<p>Henri BONHOMME<\/p>\n<p><em>Pr\u00e9sident du CSBC<\/em><\/p>\n<p><em>Avec le Conseil d\u2019Administration<\/em><\/p>\n","protected":false},"excerpt":{"rendered":"<p>Madame, Monsieur, Chers amis, Le Comit\u00e9 de Sauvegarde de la Baie de Cavalaire vous pr\u00e9sente, ainsi qu\u2019\u00e0 vos proches, ses meilleurs v\u0153ux de sant\u00e9, bonheur et de r\u00e9ussite dans vos projets. Que l\u2019ann\u00e9e 2019 puisse combler vos souhaits. Cette ann\u00e9e devra \u00eatre marqu\u00e9e par une forte prise de conscience en faveur de la pr\u00e9servation de [&hellip;]<\/p>\n","protected":false},"author":1,"featured_media":0,"comment_status":"open","ping_status":"closed","sticky":false,"template":"","format":"standard","meta":{"footnotes":""},"categories":[9],"tags":[],"class_list":["post-2222","post","type-post","status-publish","format-standard","hentry","category-communications-ca"],"_links":{"self":[{"href":"https:\/\/www.cavalaire-environnement.com\/article\/wp-json\/wp\/v2\/posts\/2222","targetHints":{"allow":["GET"]}}],"collection":[{"href":"https:\/\/www.cavalaire-environnement.com\/article\/wp-json\/wp\/v2\/posts"}],"about":[{"href":"https:\/\/www.cavalaire-environnement.com\/article\/wp-json\/wp\/v2\/types\/post"}],"author":[{"embeddable":true,"href":"https:\/\/www.cavalaire-environnement.com\/article\/wp-json\/wp\/v2\/users\/1"}],"replies":[{"embeddable":true,"href":"https:\/\/www.cavalaire-environnement.com\/article\/wp-json\/wp\/v2\/comments?post=2222"}],"version-history":[{"count":9,"href":"https:\/\/www.cavalaire-environnement.com\/article\/wp-json\/wp\/v2\/posts\/2222\/revisions"}],"predecessor-version":[{"id":2233,"href":"https:\/\/www.cavalaire-environnement.com\/article\/wp-json\/wp\/v2\/posts\/2222\/revisions\/2233"}],"wp:attachment":[{"href":"https:\/\/www.cavalaire-environnement.com\/article\/wp-json\/wp\/v2\/media?parent=2222"}],"wp:term":[{"taxonomy":"category","embeddable":true,"href":"https:\/\/www.cavalaire-environnement.com\/article\/wp-json\/wp\/v2\/categories?post=2222"},{"taxonomy":"post_tag","embeddable":true,"href":"https:\/\/www.cavalaire-environnement.com\/article\/wp-json\/wp\/v2\/tags?post=2222"}],"curies":[{"name":"wp","href":"https:\/\/api.w.org\/{rel}","templated":true}]}}