{"id":2293,"date":"2020-07-19T15:13:03","date_gmt":"2020-07-19T14:13:03","guid":{"rendered":"http:\/\/www.cavalaire-environnement.com\/article\/?p=2293"},"modified":"2025-12-25T11:13:51","modified_gmt":"2025-12-25T10:13:51","slug":"assemblee-2020","status":"publish","type":"post","link":"https:\/\/www.cavalaire-environnement.com\/article\/2020\/07\/19\/assemblee-2020\/","title":{"rendered":"ASSEMBL\u00c9E 2020"},"content":{"rendered":"\n<p>Mesdames,\nMessieurs, Chers amis,<\/p>\n\n\n\n<p>En raison de l\u2019\u00e9pid\u00e9mie de covid-19, le Conseil\nd\u2019Administration du Comit\u00e9 de Sauvegarde de la Baie de Cavalaire, a pris la\nd\u00e9cision de ne pas organiser cet \u00e9t\u00e9 2020, son Assembl\u00e9e G\u00e9n\u00e9rale habituelle, qui\nest aussi une r\u00e9union publique, \u00e0 laquelle tous les Cavalairois sont invit\u00e9s.<\/p>\n\n\n\n<p>La limitation du nombre de participants dans notre\nsalle des f\u00eates, pour assurer la distanciation sociale, l\u2019exposition \u00e0 des\nrisques sanitaires pour nos adh\u00e9rents et sympathisants, nous ont conduits \u00e0\ncette d\u00e9cision.<\/p>\n\n\n\n<p>En cons\u00e9quence et en application de l\u2019ordonnance n\u00b0 2020-321 du 25&nbsp;mars 2020, portant adaptation des r\u00e8gles de r\u00e9union et de d\u00e9lib\u00e9ration des assembl\u00e9es, nous proc\u00e9derons en 2020, par voie \u00e9lectronique et postale, pour nos adh\u00e9rents qui ont fait le choix de recevoir nos informations sous la forme papier. <\/p>\n\n\n\n<p>VOIR : <\/p>\n\n\n\n<div class=\"wp-block-file\"><a href=\"http:\/\/www.cavalaire-environnement.com\/article\/wp-content\/uploads\/2020\/07\/AG-2020-CSBC-d\u00e9mat\u00e9rialis\u00e9e.pdf\">AG-2020-CSBC-d\u00e9mat\u00e9rialis\u00e9e<\/a><a href=\"http:\/\/www.cavalaire-environnement.com\/article\/wp-content\/uploads\/2020\/07\/AG-2020-CSBC-d\u00e9mat\u00e9rialis\u00e9e.pdf\" class=\"wp-block-file__button\" download>T\u00e9l\u00e9charger<\/a><\/div>\n","protected":false},"excerpt":{"rendered":"<p>Mesdames, Messieurs, Chers amis, En raison de l\u2019\u00e9pid\u00e9mie de covid-19, le Conseil d\u2019Administration du Comit\u00e9 de Sauvegarde de la Baie de Cavalaire, a pris la d\u00e9cision de ne pas organiser cet \u00e9t\u00e9 2020, son Assembl\u00e9e G\u00e9n\u00e9rale habituelle, qui est aussi une r\u00e9union publique, \u00e0 laquelle tous les Cavalairois sont invit\u00e9s. La limitation du nombre de [&hellip;]<\/p>\n","protected":false},"author":1,"featured_media":0,"comment_status":"open","ping_status":"closed","sticky":false,"template":"","format":"standard","meta":{"footnotes":""},"categories":[8],"tags":[],"class_list":["post-2293","post","type-post","status-publish","format-standard","hentry","category-rapports-et-cr-des-ag"],"_links":{"self":[{"href":"https:\/\/www.cavalaire-environnement.com\/article\/wp-json\/wp\/v2\/posts\/2293","targetHints":{"allow":["GET"]}}],"collection":[{"href":"https:\/\/www.cavalaire-environnement.com\/article\/wp-json\/wp\/v2\/posts"}],"about":[{"href":"https:\/\/www.cavalaire-environnement.com\/article\/wp-json\/wp\/v2\/types\/post"}],"author":[{"embeddable":true,"href":"https:\/\/www.cavalaire-environnement.com\/article\/wp-json\/wp\/v2\/users\/1"}],"replies":[{"embeddable":true,"href":"https:\/\/www.cavalaire-environnement.com\/article\/wp-json\/wp\/v2\/comments?post=2293"}],"version-history":[{"count":2,"href":"https:\/\/www.cavalaire-environnement.com\/article\/wp-json\/wp\/v2\/posts\/2293\/revisions"}],"predecessor-version":[{"id":2298,"href":"https:\/\/www.cavalaire-environnement.com\/article\/wp-json\/wp\/v2\/posts\/2293\/revisions\/2298"}],"wp:attachment":[{"href":"https:\/\/www.cavalaire-environnement.com\/article\/wp-json\/wp\/v2\/media?parent=2293"}],"wp:term":[{"taxonomy":"category","embeddable":true,"href":"https:\/\/www.cavalaire-environnement.com\/article\/wp-json\/wp\/v2\/categories?post=2293"},{"taxonomy":"post_tag","embeddable":true,"href":"https:\/\/www.cavalaire-environnement.com\/article\/wp-json\/wp\/v2\/tags?post=2293"}],"curies":[{"name":"wp","href":"https:\/\/api.w.org\/{rel}","templated":true}]}}