{"id":2560,"date":"2024-08-14T10:03:29","date_gmt":"2024-08-14T09:03:29","guid":{"rendered":"https:\/\/www.cavalaire-environnement.com\/article\/?p=2560"},"modified":"2024-08-24T20:07:09","modified_gmt":"2024-08-24T19:07:09","slug":"deuxieme-volet-compte-rendu-de-notre-assemblee-du-5-aout","status":"publish","type":"post","link":"https:\/\/www.cavalaire-environnement.com\/article\/2024\/08\/14\/deuxieme-volet-compte-rendu-de-notre-assemblee-du-5-aout\/","title":{"rendered":"Deuxi\u00e8me volet compte rendu de notre Assembl\u00e9e du 5\u00a0ao\u00fbt"},"content":{"rendered":"\n<p>Var matin de ce 14 ao\u00fbt, nous gratifie d\u2019un deuxi\u00e8me volet compte rendu de notre Assembl\u00e9e du 5 ao\u00fbt. Encore merci au journaliste qui tente de vous dresser un bon tableau de ce dossier compliqu\u00e9. <\/p>\n\n\n\n<p>Monsieur le Maire, Philippe Leonelli, vous apporte sa version.<\/p>\n\n\n\n<p>Dans quelques jours, notre propre compte rendu d\u00e9taill\u00e9 vous dira tout.<\/p>\n\n\n\n<figure class=\"wp-block-image size-large\"><a href=\"https:\/\/www.cavalaire-environnement.com\/article\/wp-content\/uploads\/2024\/08\/Vm-20240814-Suite-AG-2024-Hotel-Villa-Provencale.jpg\"><img loading=\"lazy\" decoding=\"async\" width=\"1024\" height=\"858\" src=\"https:\/\/www.cavalaire-environnement.com\/article\/wp-content\/uploads\/2024\/08\/Vm-20240814-Suite-AG-2024-Hotel-Villa-Provencale-1024x858.jpg\" alt=\"\" class=\"wp-image-2561\" srcset=\"https:\/\/www.cavalaire-environnement.com\/article\/wp-content\/uploads\/2024\/08\/Vm-20240814-Suite-AG-2024-Hotel-Villa-Provencale-1024x858.jpg 1024w, https:\/\/www.cavalaire-environnement.com\/article\/wp-content\/uploads\/2024\/08\/Vm-20240814-Suite-AG-2024-Hotel-Villa-Provencale-300x251.jpg 300w, https:\/\/www.cavalaire-environnement.com\/article\/wp-content\/uploads\/2024\/08\/Vm-20240814-Suite-AG-2024-Hotel-Villa-Provencale-768x643.jpg 768w, https:\/\/www.cavalaire-environnement.com\/article\/wp-content\/uploads\/2024\/08\/Vm-20240814-Suite-AG-2024-Hotel-Villa-Provencale.jpg 1195w\" sizes=\"auto, (max-width: 1024px) 100vw, 1024px\" \/><\/a><\/figure>\n","protected":false},"excerpt":{"rendered":"<p>Var matin de ce 14 ao\u00fbt, nous gratifie d\u2019un deuxi\u00e8me volet compte rendu de notre Assembl\u00e9e du 5 ao\u00fbt. Encore merci au journaliste qui tente de vous dresser un bon tableau de ce dossier compliqu\u00e9. Monsieur le Maire, Philippe Leonelli, vous apporte sa version. Dans quelques jours, notre propre compte rendu d\u00e9taill\u00e9 vous dira tout.<\/p>\n","protected":false},"author":1,"featured_media":0,"comment_status":"open","ping_status":"closed","sticky":false,"template":"","format":"standard","meta":{"footnotes":""},"categories":[8],"tags":[],"class_list":["post-2560","post","type-post","status-publish","format-standard","hentry","category-rapports-et-cr-des-ag"],"_links":{"self":[{"href":"https:\/\/www.cavalaire-environnement.com\/article\/wp-json\/wp\/v2\/posts\/2560","targetHints":{"allow":["GET"]}}],"collection":[{"href":"https:\/\/www.cavalaire-environnement.com\/article\/wp-json\/wp\/v2\/posts"}],"about":[{"href":"https:\/\/www.cavalaire-environnement.com\/article\/wp-json\/wp\/v2\/types\/post"}],"author":[{"embeddable":true,"href":"https:\/\/www.cavalaire-environnement.com\/article\/wp-json\/wp\/v2\/users\/1"}],"replies":[{"embeddable":true,"href":"https:\/\/www.cavalaire-environnement.com\/article\/wp-json\/wp\/v2\/comments?post=2560"}],"version-history":[{"count":1,"href":"https:\/\/www.cavalaire-environnement.com\/article\/wp-json\/wp\/v2\/posts\/2560\/revisions"}],"predecessor-version":[{"id":2562,"href":"https:\/\/www.cavalaire-environnement.com\/article\/wp-json\/wp\/v2\/posts\/2560\/revisions\/2562"}],"wp:attachment":[{"href":"https:\/\/www.cavalaire-environnement.com\/article\/wp-json\/wp\/v2\/media?parent=2560"}],"wp:term":[{"taxonomy":"category","embeddable":true,"href":"https:\/\/www.cavalaire-environnement.com\/article\/wp-json\/wp\/v2\/categories?post=2560"},{"taxonomy":"post_tag","embeddable":true,"href":"https:\/\/www.cavalaire-environnement.com\/article\/wp-json\/wp\/v2\/tags?post=2560"}],"curies":[{"name":"wp","href":"https:\/\/api.w.org\/{rel}","templated":true}]}}